{"id":1079,"date":"2023-07-25T09:27:35","date_gmt":"2023-07-25T09:27:35","guid":{"rendered":"https:\/\/hostidex.com\/teknodrom\/?p=1079"},"modified":"2023-11-09T12:32:41","modified_gmt":"2023-11-09T12:32:41","slug":"yilin-geri-donusum-markasi","status":"publish","type":"post","link":"https:\/\/teknodrom.com.tr\/en\/haberler\/yilin-geri-donusum-markasi\/","title":{"rendered":"Y\u0131l\u0131n Geri D\u00f6n\u00fc\u015f\u00fcm Markas\u0131"},"content":{"rendered":"<p>T\u00fcrkiye\u2019nin ilk ve tek de\u011ferli madenler geri d\u00f6n\u00fc\u015f\u00fcm markas\u0131 olan Teknodrom, T\u00fcrkiye Lider Marka \u00d6d\u00fclleri \u00fc\u00e7\u00fcnc\u00fc tur b\u00fcy\u00fck yar\u0131\u015fmas\u0131nda ald\u0131\u011f\u0131 9.40 puanla Y\u0131l\u0131n Geri D\u00f6n\u00fc\u015f\u00fcm Markas\u0131 \u00d6d\u00fcl\u00fc\u2019n\u00fcn kazanan\u0131 oldu<\/p>\n<p>Gecede \u00f6d\u00fcl\u00fc almak i\u00e7in sahneye \u00e7\u0131kan Y\u00f6netim Kurulu Ba\u015fkan\u0131 Sel\u00e7uk Eker, \u201cHer y\u0131l, cep telefonlar\u0131 ve elektronik cihazlar i\u00e7in yurt d\u0131\u015f\u0131na \u00f6denen milyarlarca dolarl\u0131k bir bedel s\u00f6z konusu. Bu kaynaklar\u0131n bir k\u0131sm\u0131n\u0131 geri kazanarak \u00fclkemize kazand\u0131rmak m\u00fcmk\u00fcn. Alt\u0131n, g\u00fcm\u00fc\u015f, bak\u0131r, paladyum, platin gibi yeniden \u00fcretilemeyen de\u011ferli metalleri geri kazanma \u00e7al\u0131\u015fmalar\u0131m\u0131zla \u00fclkemize \u00f6nemli bir katk\u0131 sa\u011fl\u0131yoruz.<\/p>\n<p>E\u015fimin bana verdi\u011fi b\u00fcy\u00fck destek motivasyonumun ana kayna\u011f\u0131 oldu. Sonras\u0131nda ise o\u011flum ve aile \u015firketimle birlikte bu noktaya ula\u015ft\u0131k.\u00a0 Bu \u00f6d\u00fcl\u00fc Teknodrom Ailesi ad\u0131na al\u0131yorum. Bu noktaya ula\u015fmam\u0131z\u0131 sa\u011flayan aileme ve t\u00fcm \u00e7al\u0131\u015fma arkada\u015flar\u0131ma te\u015fekk\u00fcr ediyorum\u201d dedi.<\/p>\n<p>De\u011ferli madenlerin geri d\u00f6n\u00fc\u015f\u00fcm\u00fc konusunda uzun y\u0131llar Ar-Ge \u00e7al\u0131\u015fmalar\u0131 ger\u00e7ekle\u015ftiren Teknodrom, 2015 y\u0131l\u0131nda Kocaeli\u2019nin Dilovas\u0131 il\u00e7esinde kurdu\u011fu son teknoloji donat\u0131l\u0131 tesisinde, teknolojik at\u0131klar\u0131n i\u00e7erisindeki alt\u0131n, g\u00fcm\u00fc\u015f, platin, paladyum gibi de\u011ferli madenleri \u00e7\u0131kararak ekonomiye geri kazand\u0131r\u0131yor.<\/p>\n<p>Y\u00f6netim Kurulu Ba\u015fkan\u0131 Sel\u00e7uk Eker; \u201c\u00c7al\u0131\u015fmalar\u0131m\u0131z\u0131n temel motivasyonu, \u00fclkemizin milyarlarca dolar de\u011ferinde ithalat yaparak d\u0131\u015far\u0131dan ald\u0131\u011f\u0131 ve daha sonra d\u00fc\u015f\u00fck bedellerle yurt d\u0131\u015f\u0131na ihra\u00e7 etti\u011fi teknolojik \u00fcr\u00fcnlerin i\u00e7erisindeki de\u011ferli madenlerin fark\u0131na varmam\u0131zd\u0131r. Laptoplar, cep telefonlar\u0131, elektronik aletler, pil vb. \u00fcr\u00fcnleri y\u00fcksek miktarda para harcayarak \u00fclkemize getiriyoruz, ancak bu \u00fcr\u00fcnlerin i\u00e7erisindeki alt\u0131nlar\u0131 d\u00fc\u015f\u00fck fiyatlarla yurt d\u0131\u015f\u0131na sat\u0131yoruz ve kazanc\u0131n fark\u0131nda olmuyoruz. Bu durumu fark ettikten sonra bu de\u011ferli madenleri yurt d\u0131\u015f\u0131na g\u00f6ndermememiz gerekti\u011fine inand\u0131k. Vatan\u0131n\u0131 ve milletini seven bir sanayici ve giri\u015fimci olarak, b\u00f6yle bir yat\u0131r\u0131m\u0131 yapmam\u0131z gerekti\u011fini d\u00fc\u015f\u00fcnd\u00fcm. Bu, olduk\u00e7a y\u00fcksek sermaye gerektiren bir yat\u0131r\u0131md\u0131 ve g\u00fcc\u00fcm\u00fcz yetti\u011fi kadar Ar-Ge \u00e7al\u0131\u015fmalar\u0131m\u0131z\u0131 tamamlad\u0131k. Yakla\u015f\u0131k be\u015f y\u0131ll\u0131k Ar-Ge \u00e7al\u0131\u015fmalar\u0131m\u0131z\u0131n ard\u0131ndan ba\u015far\u0131l\u0131 bir noktaya geldik ve \u00fcretim a\u015famas\u0131na ge\u00e7tik. Sonraki s\u00fcre\u00e7te fabrikay\u0131 kurarak y\u00fcz binlerce insana istihdam sa\u011flamay\u0131 ve bu alanda bir i\u015f kolu olu\u015fturmay\u0131 hedefledik\u201d a\u00e7\u0131klamas\u0131nda bulundu.<\/p>\n<p>\u201cT\u00fcrkiye\u2019de ileri kazan\u0131m tabirini biz \u00fcrettik ve gururla bu alanda ilk ve tek olarak faaliyet g\u00f6steriyoruz\u201d diyen Eker, \u015f\u00f6yle devam etti: \u201c\u015eu anki i\u015flem hacmimiz k\u00fc\u00e7\u00fck ancak h\u0131zla b\u00fcy\u00fcmekteyiz. Alt\u0131n, g\u00fcm\u00fc\u015f gibi de\u011ferli madenleri geri kazanarak, bu kaynaklar\u0131 \u00fclkemize kazand\u0131r\u0131yoruz. Ayr\u0131ca, en son teknolojiye sahip analiz cihazlar\u0131 ve laboratuvarlar\u0131m\u0131zla kaliteli ve bilin\u00e7li bir \u015fekilde \u00e7al\u0131\u015f\u0131yoruz. Hedefimiz, her sene en az d\u00f6rt kat b\u00fcy\u00fcyerek sekt\u00f6rde lider konumumuzu peki\u015ftirmektir.\u201d<\/p>\n<p>\u00dclkeye s\u00fcrd\u00fcr\u00fclebilir bir i\u015f ortam\u0131 kazand\u0131rman\u0131n hedefiyle yol ald\u0131klar\u0131na dikkat \u00e7eken Eker, i\u015f istihdam\u0131n\u0131 destekleyerek, topluma katk\u0131da bulunmay\u0131 ve gelecek nesillere daha iyi bir d\u00fcnya b\u0131rakmay\u0131 temel \u00f6nceliklerinden biri olarak g\u00f6rd\u00fcklerinin alt\u0131n\u0131 \u00e7izdi.<\/p>","protected":false},"excerpt":{"rendered":"<p>T\u00fcrkiye\u2019nin ilk ve tek de\u011ferli madenler geri d\u00f6n\u00fc\u015f\u00fcm markas\u0131 olan Teknodrom, T\u00fcrkiye Lider Marka \u00d6d\u00fclleri \u00fc\u00e7\u00fcnc\u00fc tur b\u00fcy\u00fck yar\u0131\u015fmas\u0131nda ald\u0131\u011f\u0131 9.40 puanla Y\u0131l\u0131n Geri D\u00f6n\u00fc\u015f\u00fcm Markas\u0131 \u00d6d\u00fcl\u00fc\u2019n\u00fcn kazanan\u0131 oldu Gecede \u00f6d\u00fcl\u00fc almak i\u00e7in sahneye \u00e7\u0131kan Y\u00f6netim Kurulu Ba\u015fkan\u0131 Sel\u00e7uk Eker, \u201cHer y\u0131l, cep telefonlar\u0131 ve elektronik cihazlar i\u00e7in yurt d\u0131\u015f\u0131na \u00f6denen milyarlarca dolarl\u0131k bir bedel [&hellip;]<\/p>","protected":false},"author":1,"featured_media":1080,"comment_status":"open","ping_status":"open","sticky":false,"template":"","format":"standard","meta":{"footnotes":""},"categories":[14,1],"tags":[],"class_list":["post-1079","post","type-post","status-publish","format-standard","has-post-thumbnail","hentry","category-degerli-madenler-sektor-haberleri","category-haberler"],"_links":{"self":[{"href":"https:\/\/teknodrom.com.tr\/en\/wp-json\/wp\/v2\/posts\/1079","targetHints":{"allow":["GET"]}}],"collection":[{"href":"https:\/\/teknodrom.com.tr\/en\/wp-json\/wp\/v2\/posts"}],"about":[{"href":"https:\/\/teknodrom.com.tr\/en\/wp-json\/wp\/v2\/types\/post"}],"author":[{"embeddable":true,"href":"https:\/\/teknodrom.com.tr\/en\/wp-json\/wp\/v2\/users\/1"}],"replies":[{"embeddable":true,"href":"https:\/\/teknodrom.com.tr\/en\/wp-json\/wp\/v2\/comments?post=1079"}],"version-history":[{"count":0,"href":"https:\/\/teknodrom.com.tr\/en\/wp-json\/wp\/v2\/posts\/1079\/revisions"}],"wp:featuredmedia":[{"embeddable":true,"href":"https:\/\/teknodrom.com.tr\/en\/wp-json\/wp\/v2\/media\/1080"}],"wp:attachment":[{"href":"https:\/\/teknodrom.com.tr\/en\/wp-json\/wp\/v2\/media?parent=1079"}],"wp:term":[{"taxonomy":"category","embeddable":true,"href":"https:\/\/teknodrom.com.tr\/en\/wp-json\/wp\/v2\/categories?post=1079"},{"taxonomy":"post_tag","embeddable":true,"href":"https:\/\/teknodrom.com.tr\/en\/wp-json\/wp\/v2\/tags?post=1079"}],"curies":[{"name":"wp","href":"https:\/\/api.w.org\/{rel}","templated":true}]}}